{"id":2469,"date":"2018-01-11T01:16:35","date_gmt":"2018-01-11T00:16:35","guid":{"rendered":"http:\/\/tinctoriales.com\/?p=2469"},"modified":"2018-01-31T05:25:15","modified_gmt":"2018-01-31T04:25:15","slug":"semer-des-teintures","status":"publish","type":"post","link":"https:\/\/tinctoriales.com\/en\/semer-des-teintures\/","title":{"rendered":"Semer des teintures"},"content":{"rendered":"<h2>Semer des teintures peut \u00eatre rentable<\/h2>\n<h3>Semer appartient \u00e0 l&#8217;histoire<\/h3>\n<p>Jusqu&#8217;en 1870, date des premiers colorants de synth\u00e8se, semer des teintures \u00e9tait tr\u00e8s courant en Europe, mais aussi sur de nombreux continents&#8230; outre les plantes, insectes et arbres sauvages r\u00e9colt\u00e9s parfois \u00e0 de tr\u00e8s grandes distances, de tr\u00e8s grandes surfaces \u00e9taient r\u00e9serv\u00e9es \u00e0 la culture de pastel, indigo, garance et m\u00eame gaude pour fournir les ateliers de teinturiers. C&#8217;\u00e9tait un n\u00e9goce tr\u00e8s important comme en t\u00e9moignent les informations fournies par <a href=\"https:\/\/fr.wikipedia.org\/wiki\/Dominique_Cardon_(historienne)\">Dominique Cardon<\/a> et Michel <a href=\"http:\/\/tinctoriales.com\/books\/\">Pastoureau<\/a>.<\/p>\n<p>La garance et le pastel firent la richesse du Sud de la France, au point que l&#8217;expression &#8220;pays de Cocagne&#8221; fait r\u00e9f\u00e9rence \u00e0 la culture du pastel qui se pr\u00e9parait en &#8220;coques&#8221; pour pouvoir se conserver, se transporter plus facilement et concentrer les pigments.<\/p>\n<p>Parfois m\u00eame, certaines cultures de plantes tinctoriales \u00e9tant plus rentables que les cultures vivri\u00e8res provoquaient des disettes et famines. Un empereur de Chine fit m\u00eame interdire de semer certaines plantes \u00e0 teindre&#8230; Ces plantes ont\u00a0 aussi provoqu\u00e9 des guerres&#8230;<\/p>\n<h3>Semer, c&#8217;est \u00eatre cultiv\u00e9<\/h3>\n<p>Semer des plantes tinctoriales, c&#8217;est sauvegarder des traditions, c&#8217;est d&#8217;autant plus int\u00e9ressant que la plupart des plantes tinctoriales sont aussi des plantes m\u00e9dicinales&#8230; Et porter des v\u00eatements teints naturellement est donc beaucoup plus sain que des v\u00eatements teints chimiquement.<\/p>\n<p>Je voudrai saluer les efforts de l&#8217;Association <a href=\"http:\/\/couleur-garance.com\/\">Couleur Garance<\/a> \u00e0 Lauris (84 Vaucluse &#8211; France) qui a eu la tr\u00e8s grande gentillesse de m&#8217;avoir re\u00e7ue pendant 15 jours, il y a de cela plusieurs ann\u00e9es \u00e0 mon reour de l&#8217;ISEND \u00e0 Kuching.<\/p>\n<p>Leur jardin qui offre une vari\u00e9t\u00e9 toujours croissante de plantes tinctoriales est un mod\u00e8le pour moi.<\/p>\n<p>Il est \u00e0 noter qu&#8217;ils vendent des graines de nombreuses plantes tr\u00e8s int\u00e9ressantes, r\u00e9colt\u00e9es sur place, proposent des formations, des encres et des teintures naturelles. C&#8217;est un exemple \u00e0 suivre.<\/p>\n<h3>Semer appartient \u00e0 l&#8217;avenir<\/h3>\n<p>Aujourd&#8217;hui encore, cela peut \u00eatre rentable et m\u00eame \u00eatre un facteur de d\u00e9veloppement, au <a href=\"http:\/\/www.livingbluebd.com\/\">Bengladesh<\/a>, en <a href=\"https:\/\/aranyanatural.com\/\">Inde<\/a>, \u00e0 <a href=\"https:\/\/www.facebook.com\/ridanet.org\/photos\/pcb.1185837728210999\/1185842564877182\/?type=3\">Madagascar<\/a>, au <a href=\"https:\/\/www.facebook.com\/Hacienda-Los-Nacimientos-284410628681198\/\">Salvador<\/a>, \u00e0 <a href=\"https:\/\/www.youtube.com\/watch?v=7SlL8KmfkPY\">Taiwan<\/a>, mais aussi en France ou en Hollande o\u00f9 une coop\u00e9rative s&#8217;est mise \u00e0 culture de la garance.<\/p>\n<p>L&#8217;indigo naturel est encore tr\u00e8s recherch\u00e9, en semer peut valoir la peine, le shibori est \u00e0 la mode, l&#8217;indigo est la teinture id\u00e9ale pour cette technique (dont les possibilit\u00e9s sont sans limites) et le mouvement slow fashion prend de l&#8217;ampleur. Il faut d\u00e9terminer la plante qui convient le mieux au lieu que l&#8217;on veut cultiver. Certaines plantes \u00e0 indigo sont des l\u00e9gumineuses donc des engrais verts et peuvent tr\u00e8s bien se combiner dans un jardin en permaculture ou agroforestrerie.<\/p>\n<p>Mon voyage autour du monde doit aussi m&#8217;apprendre \u00e0 semer et r\u00e9colter&#8230; aussi bien au sens propre qu&#8217;au sens figur\u00e9.<\/p>\n<h3>Je s\u00e8merai aussi<\/h3>\n<p>Je voulais semer des plantes \u00e0 indigo, du cosmos sulphureus, du carthame et de la garance \u00e0 <a href=\"http:\/\/tinctoriales.com\/au-revoir-concon\/\">Conc\u00f3n<\/a>, cela aurait \u00e9t\u00e9 bon pour cette terre, malheureusement les chevaux les auraient manger. Je ne pouvais pas me limiter \u00e0 r\u00e9colter ce que ne peuvent pas manger les chevaux&#8230;<\/p>\n<p>De retour de mon tour du <a href=\"http:\/\/tinctoriales.com\/a-propos-de\/\">monde <\/a>tinctorial et textile, je chercherai un endroit o\u00f9 en semer ces plantes et bien d&#8217;autres pour mes besoins personnels&#8230; mon id\u00e9e est d&#8217;\u00eatre le plus autosuffisante possible&#8230; du point de vue alimentaire, mais aussi professionnel&#8230;<\/p>\n<p>Pour pr\u00e9server ces tr\u00e9sors, il est aussi important de multiplier les plantes que l&#8217;on utilise pour ne pas les exterminer sans le vouloir, il faut se rappeler que pour beaucoup de plantes, il faut 3 kg de plantes pour 1 kg de fibres&#8230; Donc il faut \u00e9viter de r\u00e9colter les plantes rares, pour qu&#8217;elles puissent se reproduire et essayer de favoriser leur expansion.<\/p>\n<p>De m\u00eame je chercherai \u00e0 semer de la garance tout en sachant que je devrais attendre plusieurs ann\u00e9es pour en r\u00e9colter les racines. C&#8217;est du travail \u00e0 long terme, mais il faut se donner les moyens pour pouvoir cr\u00e9er&#8230; C&#8217;est pourquoi je veux aussi apprendre plus d&#8217;agronomie sustentable et je m&#8217;int\u00e9resse \u00e0 la permaculture.<\/p>\n<h2>Pas de photos<\/h2>\n<p>Cet article ne montre pas de photo pour le moment, vu que je n&#8217;ai pas encore sem\u00e9, je n&#8217;ai rien de personnel \u00e0 vous montrer. Il va aussi s&#8217;enrichir prochainement d&#8217;informations compl\u00e9mentaires.<strong><br \/>\n<\/strong><\/p>\n<figure id=\"attachment_2495\" aria-describedby=\"caption-attachment-2495\" style=\"width: 300px\" class=\"wp-caption alignnone\"><img loading=\"lazy\" decoding=\"async\" class=\"size-medium wp-image-2495\" src=\"http:\/\/tinctoriales.com\/wp-content\/uploads\/2018\/01\/jattendsles-photos-300x183.jpg\" alt=\"J'attends les photos des amis qui s\u00e8ment et cultivent, semer est important\" width=\"300\" height=\"183\" srcset=\"https:\/\/tinctoriales.com\/wp-content\/uploads\/2018\/01\/jattendsles-photos-300x183.jpg 300w, https:\/\/tinctoriales.com\/wp-content\/uploads\/2018\/01\/jattendsles-photos.jpg 340w\" sizes=\"auto, (max-width: 300px) 100vw, 300px\" \/><figcaption id=\"caption-attachment-2495\" class=\"wp-caption-text\">J&#8217;attends les photos des amis qui s\u00e8ment et cultivent, semer est important<\/figcaption><\/figure>\n<p>Je serai tr\u00e8s heureuse de pouvoir visiter les semeurs de plantes tinctoriales et vous prie de vous manifester pour pouvoir vous inclure dans mon tour du <a href=\"https:\/\/www.facebook.com\/groups\/1993317407569681\/\">monde <\/a>tinctorial et textile.<\/p>\n<hr \/>\n<p style=\"text-align: center;\"><span style=\"color: #008000;\"><strong>Je tiens \u00e0 vous pr\u00e9ciser que je n\u2019ai pas de formation en marketing et que bien s\u00fbr, je ne pense pas revendre les donn\u00e9es ainsi collect\u00e9es!<\/strong><\/span><\/p>\n<p>Je vous invite \u00e0 laisser vos commentaires.<\/p>\n<p>[contact-form][contact-field label=&#8221;Nom&#8221; type=&#8221;name&#8221;  required=&#8221;true&#8221; \/][contact-field label=&#8221;E-mail&#8221; type=&#8221;email&#8221; required=&#8221;true&#8221; \/][contact-field label=&#8221;Site web&#8221; type=&#8221;url&#8221; \/][contact-field label=&#8221;Message&#8221; type=&#8221;textarea&#8221; \/][\/contact-form]<\/p>\n<div style=\"margin-top: 0px; margin-bottom: 0px;\" class=\"sharethis-inline-share-buttons\" ><\/div>","protected":false},"excerpt":{"rendered":"<p>Semer des teintures peut \u00eatre rentable Semer appartient \u00e0 l&#8217;histoire Jusqu&#8217;en 1870, date des premiers colorants de synth\u00e8se, semer des teintures \u00e9tait tr\u00e8s courant en Europe, mais aussi sur de nombreux continents&#8230; outre les plantes, insectes et arbres sauvages r\u00e9colt\u00e9s parfois \u00e0 de tr\u00e8s grandes distances, de tr\u00e8s grandes surfaces \u00e9taient r\u00e9serv\u00e9es \u00e0 la culture &hellip; <a href=\"https:\/\/tinctoriales.com\/en\/semer-des-teintures\/\" class=\"more-link\">Continue reading <span class=\"screen-reader-text\">Semer des teintures<\/span><\/a><\/p>\n","protected":false},"author":1,"featured_media":2495,"comment_status":"open","ping_status":"open","sticky":false,"template":"","format":"standard","meta":{"give_campaign_id":0,"_joinchat":[],"footnotes":""},"categories":[141,1],"tags":[],"class_list":["post-2469","post","type-post","status-publish","format-standard","has-post-thumbnail","hentry","category-generalites","category-non-classe"],"translation":{"provider":"WPGlobus","version":"3.0.2","language":"en","enabled_languages":["fr","en","es"],"languages":{"fr":{"title":true,"content":true,"excerpt":false},"en":{"title":false,"content":false,"excerpt":false},"es":{"title":false,"content":false,"excerpt":false}}},"yoast_head":"<!-- This site is optimized with the Yoast SEO plugin v27.5 - https:\/\/yoast.com\/product\/yoast-seo-wordpress\/ -->\n<title>Semer des teintures - tinctoriales<\/title>\n<meta name=\"robots\" content=\"index, follow, max-snippet:-1, max-image-preview:large, max-video-preview:-1\" \/>\n<link rel=\"canonical\" href=\"https:\/\/tinctoriales.com\/semer-des-teintures\/\" \/>\n<meta property=\"og:locale\" content=\"en_US\" \/>\n<meta property=\"og:type\" content=\"article\" \/>\n<meta property=\"og:title\" content=\"Semer des teintures - tinctoriales\" \/>\n<meta property=\"og:url\" content=\"https:\/\/tinctoriales.com\/semer-des-teintures\/\" \/>\n<meta property=\"og:site_name\" content=\"tinctoriales\" \/>\n<meta property=\"article:publisher\" content=\"https:\/\/www.facebook.com\/francoisegabrielle.raffi\" \/>\n<meta property=\"article:author\" content=\"https:\/\/www.facebook.com\/francoisegabrielle.raffi\" \/>\n<meta property=\"article:published_time\" content=\"2018-01-11T00:16:35+00:00\" \/>\n<meta property=\"article:modified_time\" content=\"2018-01-31T04:25:15+00:00\" \/>\n<meta property=\"og:image\" content=\"https:\/\/i0.wp.com\/tinctoriales.com\/wp-content\/uploads\/2018\/01\/jattendsles-photos.jpg?fit=340%2C207&ssl=1\" \/>\n\t<meta property=\"og:image:width\" content=\"340\" \/>\n\t<meta property=\"og:image:height\" content=\"207\" \/>\n\t<meta property=\"og:image:type\" content=\"image\/jpeg\" \/>\n<meta name=\"author\" content=\"Francoise Raffi - La Francesa Bigotuda\" \/>\n<meta name=\"twitter:card\" content=\"summary_large_image\" \/>\n<meta name=\"twitter:creator\" content=\"@FrancoiseRaffi\" \/>\n<meta name=\"twitter:site\" content=\"@FrancoiseRaffi\" \/>\n<meta name=\"twitter:label1\" content=\"Written by\" \/>\n\t<meta name=\"twitter:data1\" content=\"Francoise Raffi - La Francesa Bigotuda\" \/>\n\t<meta name=\"twitter:label2\" content=\"Est. reading time\" \/>\n\t<meta name=\"twitter:data2\" content=\"4 minutes\" \/>\n<script type=\"application\/ld+json\" class=\"yoast-schema-graph\">{\"@context\":\"https:\\\/\\\/schema.org\",\"@graph\":[{\"@type\":\"Article\",\"@id\":\"https:\\\/\\\/tinctoriales.com\\\/semer-des-teintures\\\/#article\",\"isPartOf\":{\"@id\":\"https:\\\/\\\/tinctoriales.com\\\/semer-des-teintures\\\/\"},\"author\":{\"name\":\"Francoise Raffi - La Francesa Bigotuda\",\"@id\":\"https:\\\/\\\/tinctoriales.com\\\/#\\\/schema\\\/person\\\/bb664fe45c7efc0790e098c706b83be2\"},\"headline\":\"Semer des teintures\",\"datePublished\":\"2018-01-11T00:16:35+00:00\",\"dateModified\":\"2018-01-31T04:25:15+00:00\",\"mainEntityOfPage\":{\"@id\":\"https:\\\/\\\/tinctoriales.com\\\/semer-des-teintures\\\/\"},\"wordCount\":830,\"commentCount\":0,\"publisher\":{\"@id\":\"https:\\\/\\\/tinctoriales.com\\\/#\\\/schema\\\/person\\\/bb664fe45c7efc0790e098c706b83be2\"},\"image\":{\"@id\":\"https:\\\/\\\/tinctoriales.com\\\/semer-des-teintures\\\/#primaryimage\"},\"thumbnailUrl\":\"https:\\\/\\\/tinctoriales.com\\\/wp-content\\\/uploads\\\/2018\\\/01\\\/jattendsles-photos.jpg\",\"articleSection\":[\"G\u00e9n\u00e9ralit\u00e9s\",\"Non class\u00e9\"],\"inLanguage\":\"en-US\",\"potentialAction\":[{\"@type\":\"CommentAction\",\"name\":\"Comment\",\"target\":[\"https:\\\/\\\/tinctoriales.com\\\/semer-des-teintures\\\/#respond\"]}]},{\"@type\":\"WebPage\",\"@id\":\"https:\\\/\\\/tinctoriales.com\\\/semer-des-teintures\\\/\",\"url\":\"https:\\\/\\\/tinctoriales.com\\\/semer-des-teintures\\\/\",\"name\":\"Semer des teintures - tinctoriales\",\"isPartOf\":{\"@id\":\"https:\\\/\\\/tinctoriales.com\\\/#website\"},\"primaryImageOfPage\":{\"@id\":\"https:\\\/\\\/tinctoriales.com\\\/semer-des-teintures\\\/#primaryimage\"},\"image\":{\"@id\":\"https:\\\/\\\/tinctoriales.com\\\/semer-des-teintures\\\/#primaryimage\"},\"thumbnailUrl\":\"https:\\\/\\\/tinctoriales.com\\\/wp-content\\\/uploads\\\/2018\\\/01\\\/jattendsles-photos.jpg\",\"datePublished\":\"2018-01-11T00:16:35+00:00\",\"dateModified\":\"2018-01-31T04:25:15+00:00\",\"description\":\"Semer des plantes \u00e0 teinture n'appartient pas qu'au pass\u00e9, cela a un avenir, il y a de nombreux projets agricoles orient\u00e9s vers les plantes tinctoriales\",\"breadcrumb\":{\"@id\":\"https:\\\/\\\/tinctoriales.com\\\/semer-des-teintures\\\/#breadcrumb\"},\"inLanguage\":\"en-US\",\"potentialAction\":[{\"@type\":\"ReadAction\",\"target\":[\"https:\\\/\\\/tinctoriales.com\\\/semer-des-teintures\\\/\"]}]},{\"@type\":\"ImageObject\",\"inLanguage\":\"en-US\",\"@id\":\"https:\\\/\\\/tinctoriales.com\\\/semer-des-teintures\\\/#primaryimage\",\"url\":\"https:\\\/\\\/tinctoriales.com\\\/wp-content\\\/uploads\\\/2018\\\/01\\\/jattendsles-photos.jpg\",\"contentUrl\":\"https:\\\/\\\/tinctoriales.com\\\/wp-content\\\/uploads\\\/2018\\\/01\\\/jattendsles-photos.jpg\",\"width\":340,\"height\":207,\"caption\":\"J'attends les photos des amis qui s\u00e8ment et cultivent, semer est important\"},{\"@type\":\"BreadcrumbList\",\"@id\":\"https:\\\/\\\/tinctoriales.com\\\/semer-des-teintures\\\/#breadcrumb\",\"itemListElement\":[{\"@type\":\"ListItem\",\"position\":1,\"name\":\"Accueil\",\"item\":\"https:\\\/\\\/tinctoriales.com\\\/\"},{\"@type\":\"ListItem\",\"position\":2,\"name\":\"Semer des teintures\"}]},{\"@type\":\"WebSite\",\"@id\":\"https:\\\/\\\/tinctoriales.com\\\/#website\",\"url\":\"https:\\\/\\\/tinctoriales.com\\\/\",\"name\":\"Tinctoriales.com\",\"description\":\"Vive les teintures naturelles ! Viva los te\u00f1idos naturales! Hello Natural Dyeing!\",\"publisher\":{\"@id\":\"https:\\\/\\\/tinctoriales.com\\\/#\\\/schema\\\/person\\\/bb664fe45c7efc0790e098c706b83be2\"},\"potentialAction\":[{\"@type\":\"SearchAction\",\"target\":{\"@type\":\"EntryPoint\",\"urlTemplate\":\"https:\\\/\\\/tinctoriales.com\\\/?s={search_term_string}\"},\"query-input\":{\"@type\":\"PropertyValueSpecification\",\"valueRequired\":true,\"valueName\":\"search_term_string\"}}],\"inLanguage\":\"en-US\"},{\"@type\":[\"Person\",\"Organization\"],\"@id\":\"https:\\\/\\\/tinctoriales.com\\\/#\\\/schema\\\/person\\\/bb664fe45c7efc0790e098c706b83be2\",\"name\":\"Francoise Raffi - La Francesa Bigotuda\",\"image\":{\"@type\":\"ImageObject\",\"inLanguage\":\"en-US\",\"@id\":\"https:\\\/\\\/i0.wp.com\\\/tinctoriales.com\\\/wp-content\\\/uploads\\\/2023\\\/05\\\/wwwtinctoriales-teintures-naturelles.webp?fit=1650%2C1020&ssl=1\",\"url\":\"https:\\\/\\\/i0.wp.com\\\/tinctoriales.com\\\/wp-content\\\/uploads\\\/2023\\\/05\\\/wwwtinctoriales-teintures-naturelles.webp?fit=1650%2C1020&ssl=1\",\"contentUrl\":\"https:\\\/\\\/i0.wp.com\\\/tinctoriales.com\\\/wp-content\\\/uploads\\\/2023\\\/05\\\/wwwtinctoriales-teintures-naturelles.webp?fit=1650%2C1020&ssl=1\",\"width\":1650,\"height\":1020,\"caption\":\"Francoise Raffi - La Francesa Bigotuda\"},\"logo\":{\"@id\":\"https:\\\/\\\/i0.wp.com\\\/tinctoriales.com\\\/wp-content\\\/uploads\\\/2023\\\/05\\\/wwwtinctoriales-teintures-naturelles.webp?fit=1650%2C1020&ssl=1\"},\"description\":\"Artisane textile, tisserande, teinturi\u00e8re, vivant depuis plus de 20 ans au Chili, je travaille avec des teintures naturelles depuis plus de dix ans. J'ai particip\u00e9 \u00e0 plusieurs s\u00e9minaires internationaux (ISEND Kuching, IFND Taiwan et derni\u00e8rement IFPECO \u00e0 Madagascar) Je tisse, tricote ou feutre les fibres teintes. Je propose des formations aux teintures naturelles adapt\u00e9es au lieu. Artesana textil, tejedora, tintorera, viviendo desde m\u00e1s de 20 a\u00f1os en Chile, trabajo con te\u00f1idos naturales desde m\u00e1s de diez a\u00f1os. He participado a varios seminarios internacionales (ISEND Kuching, IFND Taiwan y ultimamente IFPECO en Madagascar). Tejo o afieltro las fibras te\u00f1idas. Propongo formaciones, capacitaciones, talleres de te\u00f1ido natural adaptadas al lugar.\",\"sameAs\":[\"http:\\\/\\\/www.tinctoriales.com\",\"https:\\\/\\\/www.facebook.com\\\/francoisegabrielle.raffi\",\"https:\\\/\\\/www.instagram.com\\\/tinctoriales.com_www\",\"https:\\\/\\\/www.linkedin.com\\\/francoisegabrielleraffi\",\"https:\\\/\\\/www.pinterest.com\\\/@publicobre2000\",\"https:\\\/\\\/x.com\\\/FrancoiseRaffi\"],\"url\":\"https:\\\/\\\/tinctoriales.com\\\/en\\\/author\\\/admin8014\\\/\"}]}<\/script>\n<!-- \/ Yoast SEO plugin. -->","yoast_head_json":{"title":"Semer des teintures - tinctoriales","robots":{"index":"index","follow":"follow","max-snippet":"max-snippet:-1","max-image-preview":"max-image-preview:large","max-video-preview":"max-video-preview:-1"},"canonical":"https:\/\/tinctoriales.com\/semer-des-teintures\/","og_locale":"en_US","og_type":"article","og_title":"Semer des teintures - tinctoriales","og_url":"https:\/\/tinctoriales.com\/semer-des-teintures\/","og_site_name":"tinctoriales","article_publisher":"https:\/\/www.facebook.com\/francoisegabrielle.raffi","article_author":"https:\/\/www.facebook.com\/francoisegabrielle.raffi","article_published_time":"2018-01-11T00:16:35+00:00","article_modified_time":"2018-01-31T04:25:15+00:00","og_image":[{"width":340,"height":207,"url":"https:\/\/i0.wp.com\/tinctoriales.com\/wp-content\/uploads\/2018\/01\/jattendsles-photos.jpg?fit=340%2C207&ssl=1","type":"image\/jpeg"}],"author":"Francoise Raffi - La Francesa Bigotuda","twitter_card":"summary_large_image","twitter_creator":"@FrancoiseRaffi","twitter_site":"@FrancoiseRaffi","twitter_misc":{"Written by":"Francoise Raffi - La Francesa Bigotuda","Est. reading time":"4 minutes"},"schema":{"@context":"https:\/\/schema.org","@graph":[{"@type":"Article","@id":"https:\/\/tinctoriales.com\/semer-des-teintures\/#article","isPartOf":{"@id":"https:\/\/tinctoriales.com\/semer-des-teintures\/"},"author":{"name":"Francoise Raffi - La Francesa Bigotuda","@id":"https:\/\/tinctoriales.com\/#\/schema\/person\/bb664fe45c7efc0790e098c706b83be2"},"headline":"Semer des teintures","datePublished":"2018-01-11T00:16:35+00:00","dateModified":"2018-01-31T04:25:15+00:00","mainEntityOfPage":{"@id":"https:\/\/tinctoriales.com\/semer-des-teintures\/"},"wordCount":830,"commentCount":0,"publisher":{"@id":"https:\/\/tinctoriales.com\/#\/schema\/person\/bb664fe45c7efc0790e098c706b83be2"},"image":{"@id":"https:\/\/tinctoriales.com\/semer-des-teintures\/#primaryimage"},"thumbnailUrl":"https:\/\/tinctoriales.com\/wp-content\/uploads\/2018\/01\/jattendsles-photos.jpg","articleSection":["G\u00e9n\u00e9ralit\u00e9s","Non class\u00e9"],"inLanguage":"en-US","potentialAction":[{"@type":"CommentAction","name":"Comment","target":["https:\/\/tinctoriales.com\/semer-des-teintures\/#respond"]}]},{"@type":"WebPage","@id":"https:\/\/tinctoriales.com\/semer-des-teintures\/","url":"https:\/\/tinctoriales.com\/semer-des-teintures\/","name":"Semer des teintures - tinctoriales","isPartOf":{"@id":"https:\/\/tinctoriales.com\/#website"},"primaryImageOfPage":{"@id":"https:\/\/tinctoriales.com\/semer-des-teintures\/#primaryimage"},"image":{"@id":"https:\/\/tinctoriales.com\/semer-des-teintures\/#primaryimage"},"thumbnailUrl":"https:\/\/tinctoriales.com\/wp-content\/uploads\/2018\/01\/jattendsles-photos.jpg","datePublished":"2018-01-11T00:16:35+00:00","dateModified":"2018-01-31T04:25:15+00:00","description":"Semer des plantes \u00e0 teinture n'appartient pas qu'au pass\u00e9, cela a un avenir, il y a de nombreux projets agricoles orient\u00e9s vers les plantes tinctoriales","breadcrumb":{"@id":"https:\/\/tinctoriales.com\/semer-des-teintures\/#breadcrumb"},"inLanguage":"en-US","potentialAction":[{"@type":"ReadAction","target":["https:\/\/tinctoriales.com\/semer-des-teintures\/"]}]},{"@type":"ImageObject","inLanguage":"en-US","@id":"https:\/\/tinctoriales.com\/semer-des-teintures\/#primaryimage","url":"https:\/\/tinctoriales.com\/wp-content\/uploads\/2018\/01\/jattendsles-photos.jpg","contentUrl":"https:\/\/tinctoriales.com\/wp-content\/uploads\/2018\/01\/jattendsles-photos.jpg","width":340,"height":207,"caption":"J'attends les photos des amis qui s\u00e8ment et cultivent, semer est important"},{"@type":"BreadcrumbList","@id":"https:\/\/tinctoriales.com\/semer-des-teintures\/#breadcrumb","itemListElement":[{"@type":"ListItem","position":1,"name":"Accueil","item":"https:\/\/tinctoriales.com\/"},{"@type":"ListItem","position":2,"name":"Semer des teintures"}]},{"@type":"WebSite","@id":"https:\/\/tinctoriales.com\/#website","url":"https:\/\/tinctoriales.com\/","name":"Tinctoriales.com","description":"Vive les teintures naturelles ! Viva los te\u00f1idos naturales! Hello Natural Dyeing!","publisher":{"@id":"https:\/\/tinctoriales.com\/#\/schema\/person\/bb664fe45c7efc0790e098c706b83be2"},"potentialAction":[{"@type":"SearchAction","target":{"@type":"EntryPoint","urlTemplate":"https:\/\/tinctoriales.com\/?s={search_term_string}"},"query-input":{"@type":"PropertyValueSpecification","valueRequired":true,"valueName":"search_term_string"}}],"inLanguage":"en-US"},{"@type":["Person","Organization"],"@id":"https:\/\/tinctoriales.com\/#\/schema\/person\/bb664fe45c7efc0790e098c706b83be2","name":"Francoise Raffi - La Francesa Bigotuda","image":{"@type":"ImageObject","inLanguage":"en-US","@id":"https:\/\/i0.wp.com\/tinctoriales.com\/wp-content\/uploads\/2023\/05\/wwwtinctoriales-teintures-naturelles.webp?fit=1650%2C1020&ssl=1","url":"https:\/\/i0.wp.com\/tinctoriales.com\/wp-content\/uploads\/2023\/05\/wwwtinctoriales-teintures-naturelles.webp?fit=1650%2C1020&ssl=1","contentUrl":"https:\/\/i0.wp.com\/tinctoriales.com\/wp-content\/uploads\/2023\/05\/wwwtinctoriales-teintures-naturelles.webp?fit=1650%2C1020&ssl=1","width":1650,"height":1020,"caption":"Francoise Raffi - La Francesa Bigotuda"},"logo":{"@id":"https:\/\/i0.wp.com\/tinctoriales.com\/wp-content\/uploads\/2023\/05\/wwwtinctoriales-teintures-naturelles.webp?fit=1650%2C1020&ssl=1"},"description":"Artisane textile, tisserande, teinturi\u00e8re, vivant depuis plus de 20 ans au Chili, je travaille avec des teintures naturelles depuis plus de dix ans. J'ai particip\u00e9 \u00e0 plusieurs s\u00e9minaires internationaux (ISEND Kuching, IFND Taiwan et derni\u00e8rement IFPECO \u00e0 Madagascar) Je tisse, tricote ou feutre les fibres teintes. Je propose des formations aux teintures naturelles adapt\u00e9es au lieu. Artesana textil, tejedora, tintorera, viviendo desde m\u00e1s de 20 a\u00f1os en Chile, trabajo con te\u00f1idos naturales desde m\u00e1s de diez a\u00f1os. He participado a varios seminarios internacionales (ISEND Kuching, IFND Taiwan y ultimamente IFPECO en Madagascar). Tejo o afieltro las fibras te\u00f1idas. Propongo formaciones, capacitaciones, talleres de te\u00f1ido natural adaptadas al lugar.","sameAs":["http:\/\/www.tinctoriales.com","https:\/\/www.facebook.com\/francoisegabrielle.raffi","https:\/\/www.instagram.com\/tinctoriales.com_www","https:\/\/www.linkedin.com\/francoisegabrielleraffi","https:\/\/www.pinterest.com\/@publicobre2000","https:\/\/x.com\/FrancoiseRaffi"],"url":"https:\/\/tinctoriales.com\/en\/author\/admin8014\/"}]}},"_links":{"self":[{"href":"https:\/\/tinctoriales.com\/en\/wp-json\/wp\/v2\/posts\/2469","targetHints":{"allow":["GET"]}}],"collection":[{"href":"https:\/\/tinctoriales.com\/en\/wp-json\/wp\/v2\/posts"}],"about":[{"href":"https:\/\/tinctoriales.com\/en\/wp-json\/wp\/v2\/types\/post"}],"author":[{"embeddable":true,"href":"https:\/\/tinctoriales.com\/en\/wp-json\/wp\/v2\/users\/1"}],"replies":[{"embeddable":true,"href":"https:\/\/tinctoriales.com\/en\/wp-json\/wp\/v2\/comments?post=2469"}],"version-history":[{"count":0,"href":"https:\/\/tinctoriales.com\/en\/wp-json\/wp\/v2\/posts\/2469\/revisions"}],"wp:featuredmedia":[{"embeddable":true,"href":"https:\/\/tinctoriales.com\/en\/wp-json\/wp\/v2\/media\/2495"}],"wp:attachment":[{"href":"https:\/\/tinctoriales.com\/en\/wp-json\/wp\/v2\/media?parent=2469"}],"wp:term":[{"taxonomy":"category","embeddable":true,"href":"https:\/\/tinctoriales.com\/en\/wp-json\/wp\/v2\/categories?post=2469"},{"taxonomy":"post_tag","embeddable":true,"href":"https:\/\/tinctoriales.com\/en\/wp-json\/wp\/v2\/tags?post=2469"}],"curies":[{"name":"wp","href":"https:\/\/api.w.org\/{rel}","templated":true}]}}